{"id":368,"date":"2022-03-08T20:20:40","date_gmt":"2022-03-08T20:20:40","guid":{"rendered":"https:\/\/essencialkangen.com.br\/wfe\/?p=368"},"modified":"2024-05-01T17:39:21","modified_gmt":"2024-05-01T17:39:21","slug":"testemunho-de-vida-e-de-saude","status":"publish","type":"post","link":"https:\/\/essencialkangen.com.br\/wfe\/testemunho-de-vida-e-de-saude\/","title":{"rendered":"TESTEMUNHO DE VIDA E DE SA\u00daDE"},"content":{"rendered":"\n<div class=\"wp-block-image\"><figure class=\"alignleft size-medium\"><img loading=\"lazy\" decoding=\"async\" width=\"225\" height=\"300\" src=\"https:\/\/essencialkangen.com.br\/wfe\/wp-content\/uploads\/2022\/04\/orlando-225x300.jpeg\" alt=\"\" class=\"wp-image-367\" srcset=\"https:\/\/essencialkangen.com.br\/wfe\/wp-content\/uploads\/2022\/04\/orlando-225x300.jpeg 225w, https:\/\/essencialkangen.com.br\/wfe\/wp-content\/uploads\/2022\/04\/orlando-451x600.jpeg 451w, https:\/\/essencialkangen.com.br\/wfe\/wp-content\/uploads\/2022\/04\/orlando-601x800.jpeg 601w, https:\/\/essencialkangen.com.br\/wfe\/wp-content\/uploads\/2022\/04\/orlando.jpeg 769w\" sizes=\"auto, (max-width: 225px) 100vw, 225px\" \/><\/figure><\/div>\n\n\n\n<p>Amigos \u2013 falar em sa\u00fade, qualidade de vida, \u00e9 falar em \u00e1gua.<\/p>\n\n\n\n<p>Vou relatar a voc\u00eas o que posso comprovar, por experi\u00eancia que passamos.<\/p>\n\n\n\n<p>Meados de abril de 2020, in\u00edcio da pandemia no Brasil. Fui um dos primeiros a contrair covid-19 em Lajeado. Passaram-se os dias. Agravou-se a situa\u00e7\u00e3o. De contaminado a entubado em u.t.i. foram pouco mais de dez dias. Resumo: fiquei 58 dias em UTI&#8230;70 dias em interna\u00e7\u00e3o hospitalar. Sa\u00ed de l\u00e1 em 21 de junho de 2020. Debilitado. Quase 18 kilos de perda massa muscular\/peso. Uma grande cirurgia abdominal. Duas paradas card\u00edacas. Uma infec\u00e7\u00e3o generalizada. Contra\u00ed bact\u00e9rias hospitalares fort\u00edssimas. Sai fazendo hemodi\u00e1lise. Enfim, um sobrevivente. Chegando em casa, cheio de \u201ccanos\u201d instalados no pesco\u00e7o. Para hemidi\u00e1lise. Minha esposa, com capricho, carinho e aten\u00e7\u00e3o, tratou de contratar profissionais qualificados (fisioterapia, enfermeira e fonoaudi\u00f3loga).<\/p>\n\n\n\n<p>Mas, n\u00e3o menos importante: me hidratar&#8230; a\u00ed que entrou a \u201ckangen water\u201d.<\/p>\n\n\n\n<p>Falavam, os profissionais em sa\u00fade, em hemodi\u00e1lise por tempo indeterminado&#8230; at\u00e9 vital\u00edcio&#8230; fazia dia sim, dia n\u00e3o, junto ao Hospital Bruno Born de Lajeado.<\/p>\n\n\n\n<p>Mas j\u00e1 t\u00ednhamos em nossa casa a m\u00e1quina de \u00e1gua kangen&#8230; e come\u00e7amos o processo de hiper hidrata\u00e7\u00e3o&#8230;e o resultado: apenas 5 \u2013 cinco \u2013 sess\u00f5es de hemodi\u00e1lise&#8230;<\/p>\n\n\n\n<p>E surpreendentemente, para os m\u00e9dicos, fui dado como n\u00e3o mais usu\u00e1rio ou necessidade de manter a hemodi\u00e1lise&#8230; rins funcionando perfeitamente bem em menos de 15 dias p\u00f3s alta hospitalar&#8230; atribu\u00edmos isso a muitas coisas certamente: carinho familiar, cuidados especiais de profissionais, mas com certeza e convic\u00e7\u00e3o, aos efeitos magn\u00edficos da \u00e1gua kangen e suas propriedades.<\/p>\n\n\n\n<p>Orlando Jorge Kaefer \u2013 LAJEADO RS.<a><\/a><\/p>\n","protected":false},"excerpt":{"rendered":"<p>Amigos \u2013 falar em sa\u00fade, qualidade de vida, \u00e9 falar em \u00e1gua. Vou relatar a voc\u00eas o que posso comprovar, por experi\u00eancia que passamos. Meados de abril de 2020, in\u00edcio da pandemia<\/p>\n<a class=\"moretag noptoppad\" href=\"https:\/\/essencialkangen.com.br\/wfe\/testemunho-de-vida-e-de-saude\/\">Read More...<\/a>","protected":false},"author":1,"featured_media":367,"comment_status":"closed","ping_status":"closed","sticky":false,"template":"","format":"standard","meta":{"_eb_attr":"","footnotes":""},"categories":[10],"tags":[8,14,6,16],"class_list":["post-368","post","type-post","status-publish","format-standard","has-post-thumbnail","hentry","category-testemunhos","tag-agua","tag-depoimento","tag-kangen","tag-lajeado"],"_links":{"self":[{"href":"https:\/\/essencialkangen.com.br\/wfe\/wp-json\/wp\/v2\/posts\/368","targetHints":{"allow":["GET"]}}],"collection":[{"href":"https:\/\/essencialkangen.com.br\/wfe\/wp-json\/wp\/v2\/posts"}],"about":[{"href":"https:\/\/essencialkangen.com.br\/wfe\/wp-json\/wp\/v2\/types\/post"}],"author":[{"embeddable":true,"href":"https:\/\/essencialkangen.com.br\/wfe\/wp-json\/wp\/v2\/users\/1"}],"replies":[{"embeddable":true,"href":"https:\/\/essencialkangen.com.br\/wfe\/wp-json\/wp\/v2\/comments?post=368"}],"version-history":[{"count":1,"href":"https:\/\/essencialkangen.com.br\/wfe\/wp-json\/wp\/v2\/posts\/368\/revisions"}],"predecessor-version":[{"id":369,"href":"https:\/\/essencialkangen.com.br\/wfe\/wp-json\/wp\/v2\/posts\/368\/revisions\/369"}],"wp:featuredmedia":[{"embeddable":true,"href":"https:\/\/essencialkangen.com.br\/wfe\/wp-json\/wp\/v2\/media\/367"}],"wp:attachment":[{"href":"https:\/\/essencialkangen.com.br\/wfe\/wp-json\/wp\/v2\/media?parent=368"}],"wp:term":[{"taxonomy":"category","embeddable":true,"href":"https:\/\/essencialkangen.com.br\/wfe\/wp-json\/wp\/v2\/categories?post=368"},{"taxonomy":"post_tag","embeddable":true,"href":"https:\/\/essencialkangen.com.br\/wfe\/wp-json\/wp\/v2\/tags?post=368"}],"curies":[{"name":"wp","href":"https:\/\/api.w.org\/{rel}","templated":true}]}}